{"id":6647,"date":"2017-06-14T13:26:09","date_gmt":"2017-06-14T13:26:09","guid":{"rendered":"http:\/\/mediacritica.md\/?p=6647"},"modified":"2017-06-20T06:11:33","modified_gmt":"2017-06-20T06:11:33","slug":"studiu-de-caz-marsul-fara-frica-folosit-pentru-accentuarea-luptei-politice","status":"publish","type":"post","link":"https:\/\/old.mediacritica.md\/ro\/studiu-de-caz-marsul-fara-frica-folosit-pentru-accentuarea-luptei-politice\/","title":{"rendered":"Studiu de caz. Mar\u0219ul \u201eF\u0103r\u0103 Fric\u0103!\u201d, folosit pentru accentuarea luptei politice"},"content":{"rendered":"<p><b>Context: La 21 mai 2017 la Chi\u0219in\u0103u a avut loc un mar\u0219 de solidaritate cu reprezentan\u021bii comunit\u0103\u021bii minorit\u0103\u021bilor sexuale, categorie considerat\u0103 vulnerabil\u0103 la discriminare. La ac\u021biunea desf\u0103\u0219urat\u0103 sub sloganul \u201eF\u0103r\u0103 fric\u0103\u201d au participat c\u00e2teva sute de persoane, printre care jurnali\u0219ti, bloggeri \u0219i activi\u0219ti civici. \u00cen paralel, s-au desf\u0103\u0219urat dou\u0103 contra-manifesta\u021bii organizate de doi preo\u021bi ortodoc\u0219i, iar poli\u021bia a sporit m\u0103surile de securitate pentru a proteja manifestan\u021bii de eventuale ciocniri. \u00cen reflectarea evenimentului, unele media au pus accent pe apartenen\u021ba politic\u0103 a sus\u021bin\u0103torilor comunit\u0103\u021bii gay, iar altele au folosit limbaj denigrator. \u00a0<\/b><\/p>\n<p>&nbsp;<\/p>\n<p>\u00cen \u0219tirea difuzat\u0103 de <b>Prime<\/b>, intitulat\u0103 \u201e<a href=\"http:\/\/www.prime.md\/ro\/fara-frica-mars-organizat-de-reprezentantii-comunitatii-gay-si-sustinatorii-lor_56188.html\">F\u0103r\u0103 fric\u0103! Mar\u0219 organizat de reprezenta\u021bii comunit\u0103\u021bii gay \u0219i sus\u021bin\u0103torii lor<\/a>\u201d, reporterii au reprodus, \u00een general, toate faptele importante de la eveniment. Totu\u0219i, au accentuat ne\u00eentemeiat prezen\u021ba la manifesta\u021bie a unei persoane &#8211; Grigore Petrenco, despre care au spus c\u0103 este lider al organiza\u021biei Antifa, f\u0103r\u0103 s\u0103 precizeze ce organiza\u021bie este aceasta. Apoi, l-au \u00eentrebat pe pre\u0219edintele Igor Dodon ce p\u0103rere are despre prezen\u021ba lui Petrenco la miting. Dodon, cunoscut pentru pozi\u021bia sa anti-homosexuali, l-a luat \u00een der\u00e2dere: \u201e<i>Eu \u00eel \u015ftiu de mult pe Grigore Petrenco, bine c\u0103 \u015fi-a dat arama pe fa\u0163\u0103. Nu am \u015ftiut c\u0103 este tot din &#8230;\u201d<\/i>. Accentul pe prezen\u021ba lui Grigore Petrenco \u0219i reac\u021bia lui Dodon nu au fost necesare, \u00eentruc\u00e2t nu au adus nici un plus de informa\u021bie telespectatorului, \u00een schimb s-a ob\u021binut efectul de ironizare a lui Grigore Petrenco. Dac\u0103 \u0219i-ar fi dorit s\u0103 arate pozi\u021bia pre\u0219edintelui \u021b\u0103rii fa\u021b\u0103 de aceast\u0103 ac\u021biune \u0219i fa\u021b\u0103 de minorit\u0103\u021bile sexuale \u00een general, reporterii ar fi trebuit s\u0103 \u00eei solicite un comentariu asupra mar\u0219ului \u0219i nu \u00een privin\u021ba unei singure persoane. \u00cen formula \u00een care au ap\u0103rut \u00een \u0219tire, cele dou\u0103 elemente au fost folosite pentru ironizare, acesta fiind un procedeu de manipulare aplicat pentru subminarea reputa\u021biei unei persoane, \u00een cazul dat fiind vorba de Grigore Petrenco.<\/p>\n<p>&nbsp;<\/p>\n<p><a href=\"http:\/\/www.publika.md\/parada-a-minoritatilor-sexuale-in-capitala-politistii-vor-asigura-ordinea-publica-strazile-care-vor-fi-inchise_2969522.html\">\u0218tirea<\/a> a ar\u0103tat la fel ca la Prime \u0219i la <b>Publika TV<\/b>.<\/p>\n<p>&nbsp;<\/p>\n<p><b>Accent TV<\/b> a reflectat evenimentul a doua zi, adic\u0103 \u00een <a href=\"http:\/\/a-tv.md\/index.php?newsid=30760\">edi\u021bia de \u0219tiri<\/a> de la 22 mai, reporterii folosind \u00een text unele aprecieri: \u201e<i>E\u0219uat\u0103 s-a dovedit a fi \u0219i \u00eencercarea din acest an a comunit\u0103\u021bii gay de a traversa centrul capitalei \u00een mar\u0219 sub sloganul F\u0103r\u0103 fric\u0103<\/i>\u201d. Aprecierea \u201e\u00eencercarea a e\u0219uat\u201d apar\u021bine redac\u021biei, deoarece \u00een\u0219i\u0219i organizatorii nu au calificat mar\u0219ul din acest an drept un e\u0219ec.<\/p>\n<p>&nbsp;<\/p>\n<p>Portalul <b>Sputnik.md<\/b> a reflectat evenimentul p\u0103rtinitor \u0219i neechilibrat, pun\u00e2nd accent pe ac\u021biunile contra-manifestan\u021bilor \u0219i folosind un vocabular discriminatoriu. Expresiile \u201es<i>us\u021bin\u0103torii practicilor sexuale amorale<\/i>\u201d, \u201e<i>participan\u021bii la mar\u0219ul desfr\u00e2ului<\/i>\u201d,\u201e<i>sus\u021bin\u0103torii practicilor sexuale perverse<\/i>\u201d din \u0219tirea intitulat\u0103 \u201e<a href=\"https:\/\/sputnik.md\/incidents\/20170521\/12753450\/sputnik-mars-ho0mosesuali.html\">Moldova, \u021bar\u0103 ortodox\u0103 \u0219i Moldova f\u0103r\u0103 homosexualitate<\/a>\u201d arat\u0103 atitudinea reporterului fa\u021b\u0103 de faptele relatate, \u00een timp ce regulile \u0219tirii presupun relatarea faptelor \u0219i nu a opiniilor reporterului. \u00cen acest caz, reporterul a folosit un limbaj stigmatizant \u0219i discriminator, iar exagerarea \u201e<i>sus\u021bin\u0103torii practicilor sexuale perverse<\/i>\u201d are rolul de a forma cititorului, prin inducere \u00een eroare, o atitudine de respingere a acestui grup social. Or, \u201eac\u021biuni perverse\u201d reprezint\u0103 o infrac\u021biune pedepsit\u0103 de Codul Penal. \u00a0La fel ca \u0219i Prime, Sputnik a accentuat prezen\u021ba la mar\u0219 a fostului deputat Grigore Petrenco, preciz\u00e2nd: \u201e<i>Printre participan\u021bii la mar\u0219ul sus\u021bin\u0103torilor practicilor sexuale perverse a fost observat \u0219i activistul civic Grigore Petrenco, unul dintre criticii actualului regim de la Chi\u0219in\u0103u<\/i>\u201d.<\/p>\n<p>&nbsp;<\/p>\n<p><strong><a href=\"https:\/\/deschide.md\/ro\/stiri\/social\/12007\/Reportaj-Foto--Mar\u0219-\u0219i-anti---mar\u0219-\u201eF\u0103r\u0103-Fric\u0103\u201d.htm\" target=\"_blank\">Deschide.md<\/a><\/strong> a reflectat evenimentul printr-un reportaj amplu cu text \u0219i fotografii, \u00een timp ce <strong><a href=\"http:\/\/www.jurnaltv.md\/ro\/news\/2017\/5\/22\/jurnalul-orei-19-22-mai-10285013\/#1\">Jurnal TV<\/a><\/strong> a trasmis o \u0219tire care se \u00eencadreaz\u0103 \u00een standardele de echilibru. <b>RTR Moldova<\/b>, \u00een edi\u021bia de a doua zi, 22 mai, a consemnat evenimentul <a href=\"https:\/\/www.youtube.com\/watch?v=HjEPqmbYhh0&amp;index=38&amp;list=PLUIteKEAZKOuHEI-x2KWAVyl6lAZJgksy\">printr-o \u0219tire<\/a> \u00een care a prezentat faptele pe scurt, iar \u00a0<b>Ziarul Na\u021bional<\/b> a preluat transmisiunea \u00een direct a evenimentului de pe portalul <strong><a href=\"http:\/\/privesc.eu\">privesc.eu<\/a><\/strong>. Website-urile de \u0219tiri regionale <b>Gagauzinfo.md<\/b> \u0219i <strong><a href=\"http:\/\/novostipmr.com\">novostipmr.com<\/a><\/strong> nu au reflectat subiectul.<\/p>\n<p>&nbsp;<\/p>\n<p><b><i>Viorica Zaharia, expert\u0103 media<\/i><\/b><\/p>\n<p>________________________________<\/p>\n<p><i>Articolul a fost realizat de Centrul pentru Jurnalism Independent \u00een cadrul <\/i><b><i>Campaniei media \u00eempotriva informa\u021biei false \u0219i tenden\u021bioase<\/i><\/b><i>\u00a0<\/i><a href=\"http:\/\/api.md\/category\/stop-fals\"><i>STOP FALS<\/i><\/a><i>!, desf\u0103\u0219urat\u0103 de Asocia\u021bia Presei Independente (API), Centrul pentru Jurnalism Independent (CJI) \u0219i Asocia\u021bia VIP a Telejurnali\u0219tilor Independen\u021bi din Moldova (ATVJI).<\/i><\/p>","protected":false},"excerpt":{"rendered":"<p>Context: La 21 mai 2017 la Chi\u0219in\u0103u a avut loc un mar\u0219 de solidaritate cu reprezentan\u021bii comunit\u0103\u021bii minorit\u0103\u021bilor sexuale, categorie considerat\u0103 vulnerabil\u0103 la discriminare. La ac\u021biunea desf\u0103\u0219urat\u0103 sub sloganul \u201eF\u0103r\u0103 fric\u0103\u201d au participat c\u00e2teva sute de persoane, printre care jurnali\u0219ti, bloggeri \u0219i activi\u0219ti civici. \u00cen paralel, s-au desf\u0103\u0219urat dou\u0103 contra-manifesta\u021bii organizate de doi preo\u021bi ortodoc\u0219i,<\/p>\n<div class=\"read-more\"><a href=\"https:\/\/old.mediacritica.md\/ro\/studiu-de-caz-marsul-fara-frica-folosit-pentru-accentuarea-luptei-politice\/\" title=\"Mai mult\">Mai mult<\/a><\/div>\n","protected":false},"author":4,"featured_media":6650,"comment_status":"open","ping_status":"open","sticky":false,"template":"","format":"standard","meta":[],"categories":[7],"tags":[34,38],"yoast_head":"<!-- This site is optimized with the Yoast SEO plugin v14.9 - https:\/\/yoast.com\/wordpress\/plugins\/seo\/ -->\n<meta name=\"robots\" content=\"index, follow, max-snippet:-1, max-image-preview:large, max-video-preview:-1\" \/>\n<link rel=\"canonical\" href=\"https:\/\/old.mediacritica.md\/ro\/studiu-de-caz-marsul-fara-frica-folosit-pentru-accentuarea-luptei-politice\/\" \/>\n<meta property=\"og:locale\" content=\"ro_RO\" \/>\n<meta property=\"og:type\" content=\"article\" \/>\n<meta property=\"og:title\" content=\"Studiu de caz. Mar\u0219ul \u201eF\u0103r\u0103 Fric\u0103!\u201d, folosit pentru accentuarea luptei politice - Mediacritica\" \/>\n<meta property=\"og:description\" content=\"Context: La 21 mai 2017 la Chi\u0219in\u0103u a avut loc un mar\u0219 de solidaritate cu reprezentan\u021bii comunit\u0103\u021bii minorit\u0103\u021bilor sexuale, categorie considerat\u0103 vulnerabil\u0103 la discriminare. La ac\u021biunea desf\u0103\u0219urat\u0103 sub sloganul \u201eF\u0103r\u0103 fric\u0103\u201d au participat c\u00e2teva sute de persoane, printre care jurnali\u0219ti, bloggeri \u0219i activi\u0219ti civici. \u00cen paralel, s-au desf\u0103\u0219urat dou\u0103 contra-manifesta\u021bii organizate de doi preo\u021bi ortodoc\u0219i,Mai mult\" \/>\n<meta property=\"og:url\" content=\"https:\/\/old.mediacritica.md\/ro\/studiu-de-caz-marsul-fara-frica-folosit-pentru-accentuarea-luptei-politice\/\" \/>\n<meta property=\"og:site_name\" content=\"Mediacritica\" \/>\n<meta property=\"article:published_time\" content=\"2017-06-14T13:26:09+00:00\" \/>\n<meta property=\"article:modified_time\" content=\"2017-06-20T06:11:33+00:00\" \/>\n<meta property=\"og:image\" content=\"https:\/\/old.mediacritica.md\/wp-content\/uploads\/2017\/06\/StudiuLGBT_colaj-1.jpg\" \/>\n\t<meta property=\"og:image:width\" content=\"1023\" \/>\n\t<meta property=\"og:image:height\" content=\"767\" \/>\n<meta name=\"twitter:card\" content=\"summary\" \/>\n<script type=\"application\/ld+json\" class=\"yoast-schema-graph\">{\"@context\":\"https:\/\/schema.org\",\"@graph\":[{\"@type\":\"WebSite\",\"@id\":\"https:\/\/old.mediacritica.md\/ro\/#website\",\"url\":\"https:\/\/old.mediacritica.md\/ro\/\",\"name\":\"Mediacritica\",\"description\":\"\",\"potentialAction\":[{\"@type\":\"SearchAction\",\"target\":\"https:\/\/old.mediacritica.md\/ro\/?s={search_term_string}\",\"query-input\":\"required name=search_term_string\"}],\"inLanguage\":\"ro-RO\"},{\"@type\":\"ImageObject\",\"@id\":\"https:\/\/old.mediacritica.md\/ro\/studiu-de-caz-marsul-fara-frica-folosit-pentru-accentuarea-luptei-politice\/#primaryimage\",\"inLanguage\":\"ro-RO\",\"url\":\"https:\/\/old.mediacritica.md\/wp-content\/uploads\/2017\/06\/StudiuLGBT_colaj-1.jpg\",\"width\":1023,\"height\":767},{\"@type\":\"WebPage\",\"@id\":\"https:\/\/old.mediacritica.md\/ro\/studiu-de-caz-marsul-fara-frica-folosit-pentru-accentuarea-luptei-politice\/#webpage\",\"url\":\"https:\/\/old.mediacritica.md\/ro\/studiu-de-caz-marsul-fara-frica-folosit-pentru-accentuarea-luptei-politice\/\",\"name\":\"Studiu de caz. Mar\\u0219ul \\u201eF\\u0103r\\u0103 Fric\\u0103!\\u201d, folosit pentru accentuarea luptei politice - Mediacritica\",\"isPartOf\":{\"@id\":\"https:\/\/old.mediacritica.md\/ro\/#website\"},\"primaryImageOfPage\":{\"@id\":\"https:\/\/old.mediacritica.md\/ro\/studiu-de-caz-marsul-fara-frica-folosit-pentru-accentuarea-luptei-politice\/#primaryimage\"},\"datePublished\":\"2017-06-14T13:26:09+00:00\",\"dateModified\":\"2017-06-20T06:11:33+00:00\",\"author\":{\"@id\":\"https:\/\/old.mediacritica.md\/ro\/#\/schema\/person\/8692f32a139bbce325bea06e9251c8c8\"},\"inLanguage\":\"ro-RO\",\"potentialAction\":[{\"@type\":\"ReadAction\",\"target\":[\"https:\/\/old.mediacritica.md\/ro\/studiu-de-caz-marsul-fara-frica-folosit-pentru-accentuarea-luptei-politice\/\"]}]},{\"@type\":\"Person\",\"@id\":\"https:\/\/old.mediacritica.md\/ro\/#\/schema\/person\/8692f32a139bbce325bea06e9251c8c8\",\"name\":\"Victoria\"}]}<\/script>\n<!-- \/ Yoast SEO plugin. -->","_links":{"self":[{"href":"https:\/\/old.mediacritica.md\/ro\/wp-json\/wp\/v2\/posts\/6647"}],"collection":[{"href":"https:\/\/old.mediacritica.md\/ro\/wp-json\/wp\/v2\/posts"}],"about":[{"href":"https:\/\/old.mediacritica.md\/ro\/wp-json\/wp\/v2\/types\/post"}],"author":[{"embeddable":true,"href":"https:\/\/old.mediacritica.md\/ro\/wp-json\/wp\/v2\/users\/4"}],"replies":[{"embeddable":true,"href":"https:\/\/old.mediacritica.md\/ro\/wp-json\/wp\/v2\/comments?post=6647"}],"version-history":[{"count":2,"href":"https:\/\/old.mediacritica.md\/ro\/wp-json\/wp\/v2\/posts\/6647\/revisions"}],"predecessor-version":[{"id":6664,"href":"https:\/\/old.mediacritica.md\/ro\/wp-json\/wp\/v2\/posts\/6647\/revisions\/6664"}],"wp:featuredmedia":[{"embeddable":true,"href":"https:\/\/old.mediacritica.md\/ro\/wp-json\/wp\/v2\/media\/6650"}],"wp:attachment":[{"href":"https:\/\/old.mediacritica.md\/ro\/wp-json\/wp\/v2\/media?parent=6647"}],"wp:term":[{"taxonomy":"category","embeddable":true,"href":"https:\/\/old.mediacritica.md\/ro\/wp-json\/wp\/v2\/categories?post=6647"},{"taxonomy":"post_tag","embeddable":true,"href":"https:\/\/old.mediacritica.md\/ro\/wp-json\/wp\/v2\/tags?post=6647"}],"curies":[{"name":"wp","href":"https:\/\/api.w.org\/{rel}","templated":true}]}}