{"id":2225,"date":"2016-01-21T09:05:46","date_gmt":"2016-01-21T09:05:46","guid":{"rendered":"http:\/\/mediacritica.md\/?p=2225"},"modified":"2016-02-14T09:59:44","modified_gmt":"2016-02-14T09:59:44","slug":"titlurile-trebuie-sa-fie-neutre-si-fara-ambiguitati","status":"publish","type":"post","link":"https:\/\/old.mediacritica.md\/ro\/titlurile-trebuie-sa-fie-neutre-si-fara-ambiguitati\/","title":{"rendered":"Titlurile trebuie s\u0103 fie neutre \u0219i f\u0103r\u0103 ambiguit\u0103\u021bi"},"content":{"rendered":"<p>\u00cen \u0219tirile de joi, 14 ianuarie (ora 23.29), Publika TV a afi\u0219at pe burtier\u0103 titlul\u00a0\u201eP\u0103duraru, premierul desemnat \u00een p\u0103dure\u201d, cu referire la desemnarea de c\u0103tre Pre\u0219edintele Nicolae Timofti a candidatului la func\u021bia de Prim-ministru, Ion P\u0103duraru. <a href=\"http:\/\/media-azi.md\/ro\/deontologie\/ghidul-de-stil-cu-norme-etice-pentru-jurnali%C5%9Fti\">Ghidul de stil cu norme etice<\/a> pentru jurnali\u0219ti recomand\u0103 ca titlurile s\u0103 fie la obiect, neutre \u0219i f\u0103r\u0103 ambiguit\u0103\u021bi.<\/p>","protected":false},"excerpt":{"rendered":"<p>\u00cen \u0219tirile de joi, 14 ianuarie (ora 23.29), Publika TV a afi\u0219at pe burtier\u0103 titlul\u00a0\u201eP\u0103duraru, premierul desemnat \u00een p\u0103dure\u201d, cu referire la desemnarea de c\u0103tre Pre\u0219edintele Nicolae Timofti a candidatului la func\u021bia de Prim-ministru, Ion P\u0103duraru. Ghidul de stil cu norme etice pentru jurnali\u0219ti recomand\u0103 ca titlurile s\u0103 fie la obiect, neutre \u0219i f\u0103r\u0103 ambiguit\u0103\u021bi.<\/p>\n","protected":false},"author":4,"featured_media":2233,"comment_status":"open","ping_status":"open","sticky":false,"template":"","format":"standard","meta":[],"categories":[10],"tags":[37],"yoast_head":"<!-- This site is optimized with the Yoast SEO plugin v14.9 - https:\/\/yoast.com\/wordpress\/plugins\/seo\/ -->\n<meta name=\"robots\" content=\"index, follow, max-snippet:-1, max-image-preview:large, max-video-preview:-1\" \/>\n<link rel=\"canonical\" href=\"https:\/\/old.mediacritica.md\/ro\/titlurile-trebuie-sa-fie-neutre-si-fara-ambiguitati\/\" \/>\n<meta property=\"og:locale\" content=\"ro_RO\" \/>\n<meta property=\"og:type\" content=\"article\" \/>\n<meta property=\"og:title\" content=\"Titlurile trebuie s\u0103 fie neutre \u0219i f\u0103r\u0103 ambiguit\u0103\u021bi - Mediacritica\" \/>\n<meta property=\"og:description\" content=\"\u00cen \u0219tirile de joi, 14 ianuarie (ora 23.29), Publika TV a afi\u0219at pe burtier\u0103 titlul\u00a0\u201eP\u0103duraru, premierul desemnat \u00een p\u0103dure\u201d, cu referire la desemnarea de c\u0103tre Pre\u0219edintele Nicolae Timofti a candidatului la func\u021bia de Prim-ministru, Ion P\u0103duraru. Ghidul de stil cu norme etice pentru jurnali\u0219ti recomand\u0103 ca titlurile s\u0103 fie la obiect, neutre \u0219i f\u0103r\u0103 ambiguit\u0103\u021bi.\" \/>\n<meta property=\"og:url\" content=\"https:\/\/old.mediacritica.md\/ro\/titlurile-trebuie-sa-fie-neutre-si-fara-ambiguitati\/\" \/>\n<meta property=\"og:site_name\" content=\"Mediacritica\" \/>\n<meta property=\"article:published_time\" content=\"2016-01-21T09:05:46+00:00\" \/>\n<meta property=\"article:modified_time\" content=\"2016-02-14T09:59:44+00:00\" \/>\n<meta property=\"og:image\" content=\"https:\/\/old.mediacritica.md\/wp-content\/uploads\/2016\/01\/foto-1.jpg\" \/>\n\t<meta property=\"og:image:width\" content=\"787\" \/>\n\t<meta property=\"og:image:height\" content=\"574\" \/>\n<meta name=\"twitter:card\" content=\"summary\" \/>\n<script type=\"application\/ld+json\" class=\"yoast-schema-graph\">{\"@context\":\"https:\/\/schema.org\",\"@graph\":[{\"@type\":\"WebSite\",\"@id\":\"https:\/\/old.mediacritica.md\/ro\/#website\",\"url\":\"https:\/\/old.mediacritica.md\/ro\/\",\"name\":\"Mediacritica\",\"description\":\"\",\"potentialAction\":[{\"@type\":\"SearchAction\",\"target\":\"https:\/\/old.mediacritica.md\/ro\/?s={search_term_string}\",\"query-input\":\"required name=search_term_string\"}],\"inLanguage\":\"ro-RO\"},{\"@type\":\"ImageObject\",\"@id\":\"https:\/\/old.mediacritica.md\/ro\/titlurile-trebuie-sa-fie-neutre-si-fara-ambiguitati\/#primaryimage\",\"inLanguage\":\"ro-RO\",\"url\":\"https:\/\/old.mediacritica.md\/wp-content\/uploads\/2016\/01\/foto-1.jpg\",\"width\":787,\"height\":574},{\"@type\":\"WebPage\",\"@id\":\"https:\/\/old.mediacritica.md\/ro\/titlurile-trebuie-sa-fie-neutre-si-fara-ambiguitati\/#webpage\",\"url\":\"https:\/\/old.mediacritica.md\/ro\/titlurile-trebuie-sa-fie-neutre-si-fara-ambiguitati\/\",\"name\":\"Titlurile trebuie s\\u0103 fie neutre \\u0219i f\\u0103r\\u0103 ambiguit\\u0103\\u021bi - Mediacritica\",\"isPartOf\":{\"@id\":\"https:\/\/old.mediacritica.md\/ro\/#website\"},\"primaryImageOfPage\":{\"@id\":\"https:\/\/old.mediacritica.md\/ro\/titlurile-trebuie-sa-fie-neutre-si-fara-ambiguitati\/#primaryimage\"},\"datePublished\":\"2016-01-21T09:05:46+00:00\",\"dateModified\":\"2016-02-14T09:59:44+00:00\",\"author\":{\"@id\":\"https:\/\/old.mediacritica.md\/ro\/#\/schema\/person\/8692f32a139bbce325bea06e9251c8c8\"},\"inLanguage\":\"ro-RO\",\"potentialAction\":[{\"@type\":\"ReadAction\",\"target\":[\"https:\/\/old.mediacritica.md\/ro\/titlurile-trebuie-sa-fie-neutre-si-fara-ambiguitati\/\"]}]},{\"@type\":\"Person\",\"@id\":\"https:\/\/old.mediacritica.md\/ro\/#\/schema\/person\/8692f32a139bbce325bea06e9251c8c8\",\"name\":\"Victoria\"}]}<\/script>\n<!-- \/ Yoast SEO plugin. -->","_links":{"self":[{"href":"https:\/\/old.mediacritica.md\/ro\/wp-json\/wp\/v2\/posts\/2225"}],"collection":[{"href":"https:\/\/old.mediacritica.md\/ro\/wp-json\/wp\/v2\/posts"}],"about":[{"href":"https:\/\/old.mediacritica.md\/ro\/wp-json\/wp\/v2\/types\/post"}],"author":[{"embeddable":true,"href":"https:\/\/old.mediacritica.md\/ro\/wp-json\/wp\/v2\/users\/4"}],"replies":[{"embeddable":true,"href":"https:\/\/old.mediacritica.md\/ro\/wp-json\/wp\/v2\/comments?post=2225"}],"version-history":[{"count":7,"href":"https:\/\/old.mediacritica.md\/ro\/wp-json\/wp\/v2\/posts\/2225\/revisions"}],"predecessor-version":[{"id":2545,"href":"https:\/\/old.mediacritica.md\/ro\/wp-json\/wp\/v2\/posts\/2225\/revisions\/2545"}],"wp:featuredmedia":[{"embeddable":true,"href":"https:\/\/old.mediacritica.md\/ro\/wp-json\/wp\/v2\/media\/2233"}],"wp:attachment":[{"href":"https:\/\/old.mediacritica.md\/ro\/wp-json\/wp\/v2\/media?parent=2225"}],"wp:term":[{"taxonomy":"category","embeddable":true,"href":"https:\/\/old.mediacritica.md\/ro\/wp-json\/wp\/v2\/categories?post=2225"},{"taxonomy":"post_tag","embeddable":true,"href":"https:\/\/old.mediacritica.md\/ro\/wp-json\/wp\/v2\/tags?post=2225"}],"curies":[{"name":"wp","href":"https:\/\/api.w.org\/{rel}","templated":true}]}}