{"id":2210,"date":"2016-01-21T08:21:57","date_gmt":"2016-01-21T08:21:57","guid":{"rendered":"http:\/\/mediacritica.md\/?p=2210"},"modified":"2016-02-15T09:52:14","modified_gmt":"2016-02-15T09:52:14","slug":"campanie-media-impotriva-informatiilor-false","status":"publish","type":"post","link":"https:\/\/old.mediacritica.md\/ro\/campanie-media-impotriva-informatiilor-false\/","title":{"rendered":"Campanie media \u00eempotriva informa\u0163iilor false"},"content":{"rendered":"<p><em><strong>Trei organiza\u0163ii din domeniul mass-media &#8211; Centrul pentru Jurnalism Independent (CJI), Asocia\u0163ia Presei Independente (API) \u015fi Asocia\u0163ia Telejurnali\u015ftilor Independen\u0163i &#8211; vor desf\u0103\u015fura Campania media \u00eempotriva informa\u0163iei false \u015fi partizane. Campania are scopul de a informa consumatorii de media despre fenomenul de propagand\u0103 \u015fi dezinformare, precum \u015fi de a-i preg\u0103ti s\u0103 identifice informa\u0163ia fals\u0103 difuzat\u0103 de pres\u0103, dar \u015fi pe re\u0163elele de socializare, transmite IPN.<\/strong><\/em><\/p>\n<p>Potrivit lui Nadine Gogu, directoarea Centrului pentru Jurnalism Independent, astfel de campanii sunt foarte necesare deoarece, \u00een ultimii ani, suntem expu\u015fi unei propagande puternice din afara grani\u0163elor, \u00een special, din Federa\u0163ia Rus\u0103. \u00cen acela\u015fi timp, cet\u0103\u0163enii sunt supu\u015fi manipul\u0103rii prin intermediul buletinelor de \u015ftiri \u015fi, mai ales, al emisiunilor analitice. Campania \u00eencurajeaz\u0103 utilizarea a diverse instrumente care s\u0103 ajute oamenii s\u0103 \u00een\u0163eleag\u0103 de unde vine propaganda \u015fi manipularea.<\/p>\n<p>Petru Macovei, directorul executiv al API, a declarat c\u0103 aceast\u0103 campanie a \u00eenceput la 1 noiembrie 2015, av\u00e2nd c\u00e2teva componente, cum ar fi producerea \u015fi distribuirea materialelor jurnalistice, menite s\u0103 dezmint\u0103 informa\u0163iile false sau manipulatorii, \u015fi producerea unor investiga\u0163ii radio \u015fi video despre propagand\u0103. De asemenea, va fi publicat un supliment la \u201eZiarul de Gard\u0103\u201d, \u00een rom\u00e2n\u0103 \u015fi rus\u0103, la aceea\u015fi tematic\u0103, vor fi organizate 32 de dezbateri \u00een toat\u0103 \u0163ara cu consumatori media de diferite v\u00e2rste \u015fi, lunar, va avea loc un club de discu\u0163ii cu jurnali\u015ftii \u015fi formatorii de opinie.<\/p>\n<p>\u00cen cadrul campaniei va fi lansat\u0103 o pagin\u0103 web menit\u0103 s\u0103 dezvolte spiritul critic al consumatorilor media &#8211; Mediacritica.md. \u00cenc\u0103 o activitate \u0163ine de elaborarea unor rapoarte trimestriale de monitorizare a mass-media despre prezentarea informa\u0163iei manipulatorii \u015fi mincinoase. Vor fi efectuate \u015fi dou\u0103 sondaje de opinie &#8211; primul la \u00eenceputul campaniei \u015fi altul la sf\u00e2r\u015fit -, pentru a studia percep\u0163ia oamenilor.<\/p>\n<p>Petru Macovei a men\u0163ionat c\u0103 se dore\u015fte ca cel pu\u0163in o parte din locuitorii Republicii Moldova s\u0103 \u00een\u0163eleag\u0103 ce \u00eenseamn\u0103 propaganda \u015fi cum s\u0103 se protejeze de efectele nocive ale acesteia. \u201eAcum valul de informa\u0163ie propagandistic\u0103 este mai mare, deoarece contextul geopolitic este a\u015fa cum este. \u00cens\u0103 nu doar mass-media str\u0103ine prezint\u0103 informa\u0163ia \u00een mod manipulator, \u015fi presa din \u0163ara noastr\u0103 o face\u201d.<\/p>\n<p>Expertul spune c\u0103 oamenii trebuie \u00eenv\u0103\u0163a\u0163i s\u0103 g\u00e2ndeasc\u0103 singuri \u015fi s\u0103 nu-i lase pe al\u0163ii s\u0103 decid\u0103 \u00een locul lor ce este adev\u0103rat \u015fi ce nu este. \u201e\u00cens\u0103 cet\u0103\u0163enii Republicii Moldovan nu au fost \u00eenv\u0103\u0163a\u0163i s\u0103 depun\u0103 efort pentru a se documenta \u015fi, \u00een mod tradi\u0163ional, au avut \u00eencredere \u00een ceea ce le-au servit mass-media. \u201e\u00cen contextul evolu\u0163iilor din Moldova, dar \u015fi \u0163in\u00e2nd cont de situa\u0163ia regional\u0103, oamenii trebuie s\u0103 \u00eenceap\u0103 a g\u00e2ndi critic, s\u0103 se documenteze. Dac\u0103 nu se va face acest lucru, cet\u0103\u0163enii \u00een continuare vor considera c\u0103 a fost mai bine \u00een URSS\u201d, a ad\u0103ugat Petru Macovei.<\/p>\n<p>Nadine Gogu este convins\u0103 de necesitatea utiliz\u0103rii a c\u00e2t mai multe mijloace pentru a combate fenomenul propagandei \u015fi al manipul\u0103rii, astfel \u00eenc\u00e2t s\u0103 nu se mai pun\u0103 problema de a recurge la interzicerea anumitor posturi TV. \u201eOamenii pur \u015fi simplu vor \u00een\u0163elege c\u0103 sunt manipula\u0163i \u015fi vor ignora anumite informa\u0163ii. Dac\u0103, \u00eens\u0103, nu se va \u00eentreprinde nimic, exist\u0103 riscul ca oamenii s\u0103 cread\u0103 orbe\u015fte ceea ce li se spune la televizor sau, mai grav, s\u0103 se \u00eent\u00e2mple ceea ce a fost \u00een Ucraina ori s\u0103 se schimbe vectorul extern al \u0163\u0103rii. CJI va pune accent pe elaborarea paginii Mediacritica.md unde se va ar\u0103ta cum se face manipularea \u00een mass-media\u201d, a spus directoarea CJI.<\/p>\n<p>_______________________<br \/>\n<em>Campania de informare este posibil\u0103 datorit\u0103 ajutorului generos al poporului american oferit prin intermediul Agen\u0163iei SUA pentru Dezvoltare Interna\u0163ional\u0103 (USAID) \u00een cadrul programului FHI 360 \u201eParteneriate pentru o Societate Civil\u0103 Durabil\u0103 \u00een Moldova\u201d.<\/em><\/p>","protected":false},"excerpt":{"rendered":"<p>Trei organiza\u0163ii din domeniul mass-media &#8211; Centrul pentru Jurnalism Independent (CJI), Asocia\u0163ia Presei Independente (API) \u015fi Asocia\u0163ia Telejurnali\u015ftilor Independen\u0163i &#8211; vor desf\u0103\u015fura Campania media \u00eempotriva informa\u0163iei false \u015fi partizane. Campania are scopul de a informa consumatorii de media despre fenomenul de propagand\u0103 \u015fi dezinformare, precum \u015fi de a-i preg\u0103ti s\u0103 identifice informa\u0163ia fals\u0103 difuzat\u0103 de<\/p>\n<div class=\"read-more\"><a href=\"https:\/\/old.mediacritica.md\/ro\/campanie-media-impotriva-informatiilor-false\/\" title=\"Mai mult\">Mai mult<\/a><\/div>\n","protected":false},"author":4,"featured_media":2211,"comment_status":"open","ping_status":"open","sticky":false,"template":"","format":"standard","meta":[],"categories":[3],"tags":[32,34,33],"yoast_head":"<!-- This site is optimized with the Yoast SEO plugin v14.9 - https:\/\/yoast.com\/wordpress\/plugins\/seo\/ -->\n<meta name=\"robots\" content=\"index, follow, max-snippet:-1, max-image-preview:large, max-video-preview:-1\" \/>\n<link rel=\"canonical\" href=\"https:\/\/old.mediacritica.md\/ru\/campanie-media-impotriva-informatiilor-false\/\" \/>\n<meta property=\"og:locale\" content=\"ro_RO\" \/>\n<meta property=\"og:type\" content=\"article\" \/>\n<meta property=\"og:title\" content=\"Campanie media \u00eempotriva informa\u0163iilor false - Mediacritica\" \/>\n<meta property=\"og:description\" content=\"Trei organiza\u0163ii din domeniul mass-media &#8211; Centrul pentru Jurnalism Independent (CJI), Asocia\u0163ia Presei Independente (API) \u015fi Asocia\u0163ia Telejurnali\u015ftilor Independen\u0163i &#8211; vor desf\u0103\u015fura Campania media \u00eempotriva informa\u0163iei false \u015fi partizane. Campania are scopul de a informa consumatorii de media despre fenomenul de propagand\u0103 \u015fi dezinformare, precum \u015fi de a-i preg\u0103ti s\u0103 identifice informa\u0163ia fals\u0103 difuzat\u0103 deMai mult\" \/>\n<meta property=\"og:url\" content=\"https:\/\/old.mediacritica.md\/ru\/campanie-media-impotriva-informatiilor-false\/\" \/>\n<meta property=\"og:site_name\" content=\"Mediacritica\" \/>\n<meta property=\"article:published_time\" content=\"2016-01-21T08:21:57+00:00\" \/>\n<meta property=\"article:modified_time\" content=\"2016-02-15T09:52:14+00:00\" \/>\n<meta property=\"og:image\" content=\"https:\/\/old.mediacritica.md\/wp-content\/uploads\/2016\/01\/IPN.jpg\" \/>\n\t<meta property=\"og:image:width\" content=\"600\" \/>\n\t<meta property=\"og:image:height\" content=\"399\" \/>\n<meta name=\"twitter:card\" content=\"summary\" \/>\n<script type=\"application\/ld+json\" class=\"yoast-schema-graph\">{\"@context\":\"https:\/\/schema.org\",\"@graph\":[{\"@type\":\"WebSite\",\"@id\":\"https:\/\/old.mediacritica.md\/ro\/#website\",\"url\":\"https:\/\/old.mediacritica.md\/ro\/\",\"name\":\"Mediacritica\",\"description\":\"\",\"potentialAction\":[{\"@type\":\"SearchAction\",\"target\":\"https:\/\/old.mediacritica.md\/ro\/?s={search_term_string}\",\"query-input\":\"required name=search_term_string\"}],\"inLanguage\":\"ro-RO\"},{\"@type\":\"ImageObject\",\"@id\":\"https:\/\/old.mediacritica.md\/ru\/campanie-media-impotriva-informatiilor-false\/#primaryimage\",\"inLanguage\":\"ro-RO\",\"url\":\"https:\/\/old.mediacritica.md\/wp-content\/uploads\/2016\/01\/IPN.jpg\",\"width\":600,\"height\":399},{\"@type\":\"WebPage\",\"@id\":\"https:\/\/old.mediacritica.md\/ru\/campanie-media-impotriva-informatiilor-false\/#webpage\",\"url\":\"https:\/\/old.mediacritica.md\/ru\/campanie-media-impotriva-informatiilor-false\/\",\"name\":\"Campanie media \\u00eempotriva informa\\u0163iilor false - Mediacritica\",\"isPartOf\":{\"@id\":\"https:\/\/old.mediacritica.md\/ro\/#website\"},\"primaryImageOfPage\":{\"@id\":\"https:\/\/old.mediacritica.md\/ru\/campanie-media-impotriva-informatiilor-false\/#primaryimage\"},\"datePublished\":\"2016-01-21T08:21:57+00:00\",\"dateModified\":\"2016-02-15T09:52:14+00:00\",\"author\":{\"@id\":\"https:\/\/old.mediacritica.md\/ro\/#\/schema\/person\/8692f32a139bbce325bea06e9251c8c8\"},\"inLanguage\":\"ro-RO\",\"potentialAction\":[{\"@type\":\"ReadAction\",\"target\":[\"https:\/\/old.mediacritica.md\/ru\/campanie-media-impotriva-informatiilor-false\/\"]}]},{\"@type\":\"Person\",\"@id\":\"https:\/\/old.mediacritica.md\/ro\/#\/schema\/person\/8692f32a139bbce325bea06e9251c8c8\",\"name\":\"Victoria\"}]}<\/script>\n<!-- \/ Yoast SEO plugin. -->","_links":{"self":[{"href":"https:\/\/old.mediacritica.md\/ro\/wp-json\/wp\/v2\/posts\/2210"}],"collection":[{"href":"https:\/\/old.mediacritica.md\/ro\/wp-json\/wp\/v2\/posts"}],"about":[{"href":"https:\/\/old.mediacritica.md\/ro\/wp-json\/wp\/v2\/types\/post"}],"author":[{"embeddable":true,"href":"https:\/\/old.mediacritica.md\/ro\/wp-json\/wp\/v2\/users\/4"}],"replies":[{"embeddable":true,"href":"https:\/\/old.mediacritica.md\/ro\/wp-json\/wp\/v2\/comments?post=2210"}],"version-history":[{"count":4,"href":"https:\/\/old.mediacritica.md\/ro\/wp-json\/wp\/v2\/posts\/2210\/revisions"}],"predecessor-version":[{"id":2559,"href":"https:\/\/old.mediacritica.md\/ro\/wp-json\/wp\/v2\/posts\/2210\/revisions\/2559"}],"wp:featuredmedia":[{"embeddable":true,"href":"https:\/\/old.mediacritica.md\/ro\/wp-json\/wp\/v2\/media\/2211"}],"wp:attachment":[{"href":"https:\/\/old.mediacritica.md\/ro\/wp-json\/wp\/v2\/media?parent=2210"}],"wp:term":[{"taxonomy":"category","embeddable":true,"href":"https:\/\/old.mediacritica.md\/ro\/wp-json\/wp\/v2\/categories?post=2210"},{"taxonomy":"post_tag","embeddable":true,"href":"https:\/\/old.mediacritica.md\/ro\/wp-json\/wp\/v2\/tags?post=2210"}],"curies":[{"name":"wp","href":"https:\/\/api.w.org\/{rel}","templated":true}]}}