{"id":17770,"date":"2022-04-06T13:17:09","date_gmt":"2022-04-06T13:17:09","guid":{"rendered":"http:\/\/mediacritica.md\/?p=17770"},"modified":"2022-04-06T13:17:09","modified_gmt":"2022-04-06T13:17:09","slug":"proiect-de-lege-privind-combaterea-stirilor-false-ce-sanctiuni-se-propun-pentru-raspandirea-dezinformarii","status":"publish","type":"post","link":"https:\/\/old.mediacritica.md\/ro\/proiect-de-lege-privind-combaterea-stirilor-false-ce-sanctiuni-se-propun-pentru-raspandirea-dezinformarii\/","title":{"rendered":"Proiect de lege privind combaterea \u0219tirilor false. Ce sanc\u021biuni se propun pentru r\u0103sp\u00e2ndirea dezinform\u0103rii"},"content":{"rendered":"<p><\/p>\n<p style=\"text-align: justify;\"><strong><a href=\"https:\/\/www.parlament.md\/ProcesulLegislativ\/Proiectedeactelegislative\/tabid\/61\/LegislativId\/5941\/language\/ro-RO\/Default.aspx\">Proiectul de lege<\/a> privind contracararea r\u0103sp\u00e2ndirii informa\u021biilor false, \u00eenregistrat recent \u00een Parlament, prevede \u0219i o serie de sanc\u021biuni penale \u0219i contraven\u021bionale pentru neexecutarea dispozi\u021biilor Comisiei pentru Situa\u021bii Excep\u021bionale sau a hot\u0103r\u00e2rilor Consiliului Suprem de Ap\u0103rare, precum \u0219i pentru r\u0103sp\u00e2ndirea dezinform\u0103rii sau a falsurilor ce afecteaz\u0103 securitatea informa\u021bional\u0103 a \u021b\u0103rii. \u00cen unele cazuri, sanc\u021biunile prev\u0103d amenzi de p\u00e2n\u0103 la 75.000 de lei sau privare de libertate pe un termen de la trei la \u0219apte ani.<\/strong><\/p>\n<p style=\"text-align: justify;\"><span style=\"font-weight: 400;\">Codul contraven\u021bional se propune a fi completat cu sanc\u021biuni pentru r\u0103sp\u00e2ndirea dezinform\u0103rii sau a informa\u021biilor ce afecteaz\u0103 securitatea informa\u021bional\u0103 a Republicii Moldova. Astfel, persoanele fizice risc\u0103 s\u0103 fie amendate cu sume \u00eentre 20.000 &#8211; 22.500 de lei. Cu amend\u0103 de la 40.000 de lei la 60.000 de lei ar putea fi sanc\u021bionate persoanele juridice pentru acelea\u0219i \u00eenc\u0103lc\u0103ri, cu sau f\u0103r\u0103 privarea de dreptul de a desf\u0103\u0219ura o anumit\u0103 activitate pe un termen de p\u00e2n\u0103 la \u0219ase luni.<\/span><span style=\"font-weight: 400;\">\u00a0<\/span><\/p>\n<p style=\"text-align: justify;\"><span style=\"font-weight: 400;\">\u00cen cazul \u00eenc\u0103lc\u0103rilor repetate pentru acest\u0103 contraven\u021bie, f\u0103cute \u00een ultimele 12 luni sau s\u0103v\u00e2r\u0219ite de un grup de persoane, se prev\u0103d amenzi de p\u00e2n\u0103 la 27.500 de lei cu munc\u0103 neremunerat\u0103 \u00een folosul comunit\u0103\u021bii de la 40 la 60 de ore pentru persoan\u0103 fizic\u0103. O persoan\u0103 cu func\u021bie de r\u0103spundere risc\u0103 s\u0103 fie sanc\u021bionat\u0103 \u00een asemenea cazuri cu 30.000 &#8211; 45.000 de lei. Pentru persoanele juridice sunt propuse amenzi de la 60.000 de lei p\u00e2n\u0103 75.000 de lei cu privarea, \u00een toate cazurile, de dreptul de a desf\u0103\u0219ura o anumit\u0103 activitate pe un termen de la \u0219ase luni la un an.<\/span><span style=\"font-weight: 400;\">\u00a0<\/span><\/p>\n<p style=\"text-align: justify;\"><span style=\"font-weight: 400;\">Autorii ini\u021biativei au prev\u0103zut sanc\u021biuni inclusiv pentru \u00eempiedicarea, prin orice mijloace, a exercit\u0103rii libere a dreptului electoral sau \u00eempiedicarea activit\u0103\u021bii organelor electorale s\u0103v\u00e2r\u0219it\u0103 prin r\u0103sp\u00e2ndirea dezinform\u0103rii sau a informa\u021biilor false ce vizeaz\u0103 procesul electoral \u00een spa\u021biul informa\u021bional public, except\u00e2nd spa\u021biul audiovizual.<\/span><\/p>\n<p style=\"text-align: justify;\"><span style=\"font-weight: 400;\">Pentru neexecutarea dispozi\u021biilor Comisiei pentru Situa\u021bii Excep\u021bionale, dac\u0103 acest fapt a provocat decesul uneia sau mai multor persoane, \u00eemboln\u0103virea \u00een mas\u0103 a oamenilor, daune \u00een propor\u021bii deosebit de mari statului, sunt prev\u0103zute amenzi sau \u00eenchisoare de p\u00e2n\u0103 la cinci ani, dac\u0103 aceste ac\u021biuni au fost s\u0103v\u00e2r\u0219ite \u00een perioada st\u0103rii de urgen\u021b\u0103, asediu sau r\u0103zboi, \u0219i p\u00e2n\u0103 la trei ani \u00een condi\u021bii obi\u0219nuite. Sunt prev\u0103zute pedepse similare \u0219i pe alocuri mai mari pentru neexecutarea hot\u0103r\u00e2rilor Consiliului Suprem de Ap\u0103rare, pedepse maxime de la trei p\u00e2n\u0103 la \u0219apte ani \u00een condi\u021bii obi\u0219nuite \u0219i p\u00e2n\u0103 la cinci ani \u00een perioada st\u0103rilor de urgen\u021b\u0103, asediu sau r\u0103zboi.<\/span><\/p>\n<p style=\"text-align: justify;\">\n<p><\/p>","protected":false},"excerpt":{"rendered":"<p>Proiectul de lege privind contracararea r\u0103sp\u00e2ndirii informa\u021biilor false, \u00eenregistrat recent \u00een Parlament, prevede \u0219i o serie de sanc\u021biuni penale \u0219i contraven\u021bionale pentru neexecutarea dispozi\u021biilor Comisiei pentru Situa\u021bii Excep\u021bionale sau a hot\u0103r\u00e2rilor Consiliului Suprem de Ap\u0103rare, precum \u0219i pentru r\u0103sp\u00e2ndirea dezinform\u0103rii sau a falsurilor ce afecteaz\u0103 securitatea informa\u021bional\u0103 a \u021b\u0103rii. \u00cen unele cazuri, sanc\u021biunile prev\u0103d amenzi<\/p>\n<div class=\"read-more\"><a href=\"https:\/\/old.mediacritica.md\/ro\/proiect-de-lege-privind-combaterea-stirilor-false-ce-sanctiuni-se-propun-pentru-raspandirea-dezinformarii\/\" title=\"Mai mult\">Mai mult<\/a><\/div>\n","protected":false},"author":12,"featured_media":17771,"comment_status":"open","ping_status":"open","sticky":false,"template":"","format":"standard","meta":[],"categories":[3],"tags":[],"yoast_head":"<!-- This site is optimized with the Yoast SEO plugin v14.9 - https:\/\/yoast.com\/wordpress\/plugins\/seo\/ -->\n<meta name=\"robots\" content=\"index, follow, max-snippet:-1, max-image-preview:large, max-video-preview:-1\" \/>\n<link rel=\"canonical\" href=\"https:\/\/old.mediacritica.md\/proiect-de-lege-privind-combaterea-stirilor-false-ce-sanctiuni-se-propun-pentru-raspandirea-dezinformarii\/\" \/>\n<meta property=\"og:locale\" content=\"ro_RO\" \/>\n<meta property=\"og:type\" content=\"article\" \/>\n<meta property=\"og:title\" content=\"Proiect de lege privind combaterea \u0219tirilor false. Ce sanc\u021biuni se propun pentru r\u0103sp\u00e2ndirea dezinform\u0103rii - Mediacritica\" \/>\n<meta property=\"og:description\" content=\"Proiectul de lege privind contracararea r\u0103sp\u00e2ndirii informa\u021biilor false, \u00eenregistrat recent \u00een Parlament, prevede \u0219i o serie de sanc\u021biuni penale \u0219i contraven\u021bionale pentru neexecutarea dispozi\u021biilor Comisiei pentru Situa\u021bii Excep\u021bionale sau a hot\u0103r\u00e2rilor Consiliului Suprem de Ap\u0103rare, precum \u0219i pentru r\u0103sp\u00e2ndirea dezinform\u0103rii sau a falsurilor ce afecteaz\u0103 securitatea informa\u021bional\u0103 a \u021b\u0103rii. \u00cen unele cazuri, sanc\u021biunile prev\u0103d amenziMai mult\" \/>\n<meta property=\"og:url\" content=\"https:\/\/old.mediacritica.md\/proiect-de-lege-privind-combaterea-stirilor-false-ce-sanctiuni-se-propun-pentru-raspandirea-dezinformarii\/\" \/>\n<meta property=\"og:site_name\" content=\"Mediacritica\" \/>\n<meta property=\"article:published_time\" content=\"2022-04-06T13:17:09+00:00\" \/>\n<meta property=\"og:image\" content=\"https:\/\/old.mediacritica.md\/wp-content\/uploads\/fake-news3.jpg\" \/>\n\t<meta property=\"og:image:width\" content=\"900\" \/>\n\t<meta property=\"og:image:height\" content=\"500\" \/>\n<meta name=\"twitter:card\" content=\"summary\" \/>\n<script type=\"application\/ld+json\" class=\"yoast-schema-graph\">{\"@context\":\"https:\/\/schema.org\",\"@graph\":[{\"@type\":\"WebSite\",\"@id\":\"https:\/\/old.mediacritica.md\/ro\/#website\",\"url\":\"https:\/\/old.mediacritica.md\/ro\/\",\"name\":\"Mediacritica\",\"description\":\"\",\"potentialAction\":[{\"@type\":\"SearchAction\",\"target\":\"https:\/\/old.mediacritica.md\/ro\/?s={search_term_string}\",\"query-input\":\"required name=search_term_string\"}],\"inLanguage\":\"ro-RO\"},{\"@type\":\"ImageObject\",\"@id\":\"https:\/\/old.mediacritica.md\/proiect-de-lege-privind-combaterea-stirilor-false-ce-sanctiuni-se-propun-pentru-raspandirea-dezinformarii\/#primaryimage\",\"inLanguage\":\"ro-RO\",\"url\":\"https:\/\/old.mediacritica.md\/wp-content\/uploads\/fake-news3.jpg\",\"width\":900,\"height\":500,\"caption\":\"Sursa foto: suffolkgazette.com\"},{\"@type\":\"WebPage\",\"@id\":\"https:\/\/old.mediacritica.md\/proiect-de-lege-privind-combaterea-stirilor-false-ce-sanctiuni-se-propun-pentru-raspandirea-dezinformarii\/#webpage\",\"url\":\"https:\/\/old.mediacritica.md\/proiect-de-lege-privind-combaterea-stirilor-false-ce-sanctiuni-se-propun-pentru-raspandirea-dezinformarii\/\",\"name\":\"Proiect de lege privind combaterea \\u0219tirilor false. Ce sanc\\u021biuni se propun pentru r\\u0103sp\\u00e2ndirea dezinform\\u0103rii - Mediacritica\",\"isPartOf\":{\"@id\":\"https:\/\/old.mediacritica.md\/ro\/#website\"},\"primaryImageOfPage\":{\"@id\":\"https:\/\/old.mediacritica.md\/proiect-de-lege-privind-combaterea-stirilor-false-ce-sanctiuni-se-propun-pentru-raspandirea-dezinformarii\/#primaryimage\"},\"datePublished\":\"2022-04-06T13:17:09+00:00\",\"dateModified\":\"2022-04-06T13:17:09+00:00\",\"author\":{\"@id\":\"https:\/\/old.mediacritica.md\/ro\/#\/schema\/person\/5f529aac85f1c3194d097baf57fadd0c\"},\"inLanguage\":\"ro-RO\",\"potentialAction\":[{\"@type\":\"ReadAction\",\"target\":[\"https:\/\/old.mediacritica.md\/proiect-de-lege-privind-combaterea-stirilor-false-ce-sanctiuni-se-propun-pentru-raspandirea-dezinformarii\/\"]}]},{\"@type\":\"Person\",\"@id\":\"https:\/\/old.mediacritica.md\/ro\/#\/schema\/person\/5f529aac85f1c3194d097baf57fadd0c\",\"name\":\"Gancev Vasile\"}]}<\/script>\n<!-- \/ Yoast SEO plugin. -->","_links":{"self":[{"href":"https:\/\/old.mediacritica.md\/ro\/wp-json\/wp\/v2\/posts\/17770"}],"collection":[{"href":"https:\/\/old.mediacritica.md\/ro\/wp-json\/wp\/v2\/posts"}],"about":[{"href":"https:\/\/old.mediacritica.md\/ro\/wp-json\/wp\/v2\/types\/post"}],"author":[{"embeddable":true,"href":"https:\/\/old.mediacritica.md\/ro\/wp-json\/wp\/v2\/users\/12"}],"replies":[{"embeddable":true,"href":"https:\/\/old.mediacritica.md\/ro\/wp-json\/wp\/v2\/comments?post=17770"}],"version-history":[{"count":1,"href":"https:\/\/old.mediacritica.md\/ro\/wp-json\/wp\/v2\/posts\/17770\/revisions"}],"predecessor-version":[{"id":17772,"href":"https:\/\/old.mediacritica.md\/ro\/wp-json\/wp\/v2\/posts\/17770\/revisions\/17772"}],"wp:featuredmedia":[{"embeddable":true,"href":"https:\/\/old.mediacritica.md\/ro\/wp-json\/wp\/v2\/media\/17771"}],"wp:attachment":[{"href":"https:\/\/old.mediacritica.md\/ro\/wp-json\/wp\/v2\/media?parent=17770"}],"wp:term":[{"taxonomy":"category","embeddable":true,"href":"https:\/\/old.mediacritica.md\/ro\/wp-json\/wp\/v2\/categories?post=17770"},{"taxonomy":"post_tag","embeddable":true,"href":"https:\/\/old.mediacritica.md\/ro\/wp-json\/wp\/v2\/tags?post=17770"}],"curies":[{"name":"wp","href":"https:\/\/api.w.org\/{rel}","templated":true}]}}