{"id":17724,"date":"2022-03-30T13:56:16","date_gmt":"2022-03-30T13:56:16","guid":{"rendered":"http:\/\/mediacritica.md\/?p=17724"},"modified":"2022-04-08T13:57:16","modified_gmt":"2022-04-08T13:57:16","slug":"reflectarea-subiectelor-despre-refugiati-la-mai-multe-posturi-tv-monitorizata-de-ca-nicio-televiziune-nu-a-fost-sanctionata","status":"publish","type":"post","link":"https:\/\/old.mediacritica.md\/ro\/reflectarea-subiectelor-despre-refugiati-la-mai-multe-posturi-tv-monitorizata-de-ca-nicio-televiziune-nu-a-fost-sanctionata\/","title":{"rendered":"Reflectarea subiectelor despre refugia\u021bi la mai multe posturi TV, monitorizat\u0103 de CA. Nicio televiziune nu a fost sanc\u021bionat\u0103"},"content":{"rendered":"<p><\/p>\n<p style=\"text-align: justify;\"><strong>Consiliul Audiovizualului (CA) a examinat miercuri, 30 martie, rezultatele monitoriz\u0103rii\u00a0 principalelor buletine de s\u0326tiri difuzate de mai multe posturi TV, i\u0302n contextul reflecta\u0306rii subiectului refugiat\u0326ilor din Ucraina. <\/strong><\/p>\n<p style=\"text-align: justify;\">Monitorizarea a fost realizat\u0103 la autosesizarea pre\u0219edintei CA, Liliana Vit\u0326u, despre care aceasta a anun\u021bat \u00een \u0219edin\u021ba precedent\u0103 a autorit\u0103\u021bii, din 17 martie. Tot atunci, vicepre\u0219edinta CA, Aneta Gon\u021ba, a f\u0103cut apel c\u0103tre furnizorii de servicii media audiovizuali ca \u00een procesul de informare a publicului despre conflictul armat din Ucraina s\u0103 respecte cu stricte\u021be legisla\u021bia audiovizual\u0103 \u0219i Codul deontologic al jurnalistului, s\u0103 se ab\u021bin\u0103 de la un limbaj inflamator, iar informa\u021biile s\u0103 fie diverse, corecte, actuale \u0219i cuprinz\u0103toare.<\/p>\n<p style=\"text-align: justify;\">De aceast\u0103 dat\u0103, Departamentul de Monitorizare a CA a urm\u0103rit, \u00een perioada 14- 20 martie, emisiunile informative difuzate de posturile Moldova 1, Moldova 2, Radio Moldova, NTV Moldova, Primul \u00een Moldova,TVR Moldova, Prime TV, TV8, Publika TV, Canal 2, Canal 3, TV6, Jurnal TV \u0219i Pro TV Chi\u0219in\u0103u. Dintre acestea, doar dou\u0103 \u2013 Primul \u00een Moldova \u0219i TV 6 \u2013 \u00a0au comis \u00eenc\u0103lc\u0103ri ale art. 13 din Codul serviciilor media audiovizuale, privind informarea corect\u0103.<\/p>\n<p style=\"text-align: justify;\">Potrivit raportului de monitorizare, <strong>Primul \u00een Moldova<\/strong> nu a separat faptele de opinii \u00een \u0219tirea \u201eValuri de refugia\u021bi \u00een v\u0103mi\u201d, difuzat\u0103 \u00een principalul buletin informativ din 14 martie. \u00cen contextul informa\u021biei privind centrele func\u021bionale destinate refugia\u021bilor, reporterul a f\u0103cut afirma\u021bii subiective: \u201eGuvernul vine cu ve\u0219ti nu prea \u00eembucur\u0103toare. Ministrul de Externe a anun\u021bat pentru presa interna\u021bional\u0103 c\u0103 Republica Moldova este mai aproape de o criz\u0103 umanitar\u0103 privind cazarea refugia\u021bilor. Demnitarul solicit\u0103 o interven\u021bie mai mare a comunit\u0103\u021bii interna\u021bionale pentru a sus\u021bine refugia\u021bii din Moldova, deoarece locurile disponibile pentru migran\u021bi sunt tot mai pu\u021bine\u201d. Norma legal\u0103, prev\u0103zut\u0103 \u00een articolul 13 din CSMA, oblig\u0103 jurnali\u0219tii sa\u0306 asigure distinct\u0326ia clara\u0306 i\u0302ntre fapte s\u0326i opinii.<\/p>\n<p style=\"text-align: justify;\">\u201eI\u0302n s\u0326tiri, vorbim despre fapte. Opiniile, i\u0302n acest caz, vor fi prezente s\u0326i prezentate clar, distinct de fapt, s\u0326i nu vor apart\u0326ine jurnalistului\/jurnalistei\/redact\u0326iei, ci de exemplu, unui expert\/unei experte rugat\/rugate sa\u0306 se exprime\u201d, men\u021bioneaz\u0103 \u0219i <a href=\"http:\/\/www.audiovizual.md\/files\/Ghid%20explicativ%20privind%20asigurarea%20informarii%20corecte.pdf\">Ghidul<\/a>\u00a0 explicativ privind asigurarea informa\u0306rii corecte, lansat recent de CA.<\/p>\n<p style=\"text-align: justify;\">\u00cen cazul postului <strong>TV6<\/strong>, raportul de monitorizare constat\u0103 \u00eenc\u0103lcarea aceluia\u0219i articol 13 din cod, \u00een partea ce prevede c\u0103 informa\u021bia trebuie prezentat\u0103 corect, \u00een mod impar\u021bial \u0219i cu bun\u0103 credin\u021b\u0103. Aceast\u0103 norm\u0103 nu a fost respectat\u0103 \u00een \u0219tirea \u201ePartidul \u0218or vrea transparen\u021b\u0103 \u00een cheltuirea banilor aloca\u021bi refugia\u021bilor\u201d, difuzat\u0103 la data de 14 martie. Materialul este axat pe solicitarea deputa\u021bilor din Partidul \u0218or c\u0103tre Procuratur\u0103 General\u0103 privind modul de cheltuire a banilor pentru \u00eentre\u021binerea refugia\u021bilor ucraineni. TV6 difuzeaz\u0103 comunicatul PP\u0218, care acuz\u0103 guvernarea\u00a0 de comiterea unor\u00a0 \u201eac\u021biuni prejudiciabile soldate cu cauzarea de prejudicii materiale \u00een propor\u021bii deosebit de mari\u201d. Monitorizarea a constatat \u00eens\u0103 lipsa de impar\u021bialitate \u0219i bun\u0103 credin\u021b\u0103 din partea TV6, \u00eentruc\u00e2t prim-ministra Natalia Gavrili\u021ba anun\u021base anterior c\u0103 \u00eentre\u021binerea refugia\u021bilor este acoperit\u0103 de bugetul de stat, fonduri din dona\u021bii, dar \u0219i bani din exterior.<\/p>\n<p style=\"text-align: justify;\">Preciz\u0103m c\u0103 ambele posturi au fost sanc\u021bionate cu avertizare public\u0103 pentru \u00eenc\u0103lcarea aceluia\u0219i articol \u00een \u0219edin\u021ba din 2 martie.<\/p>\n<p style=\"text-align: justify;\">\u00cen \u0219edin\u021ba din 30 martie nu au fost acordate sanc\u021biuni. Vicepre\u0219edinta CA, Aneta Gon\u021ba, care a venit cu aceast\u0103 propunere, a invocat drept argument faptul c\u0103 \u00eenc\u0103lc\u0103rile celor dou\u0103 posturi nu au vizat direct obiectul monitoriz\u0103rii \u0219i nu s-au referit la refugia\u021bii propriu-zi\u0219i, ci mai mult la criza refugia\u021bilor.<\/p>\n<p><\/p>","protected":false},"excerpt":{"rendered":"<p>Consiliul Audiovizualului (CA) a examinat miercuri, 30 martie, rezultatele monitoriz\u0103rii\u00a0 principalelor buletine de s\u0326tiri difuzate de mai multe posturi TV, i\u0302n contextul reflecta\u0306rii subiectului refugiat\u0326ilor din Ucraina. Monitorizarea a fost realizat\u0103 la autosesizarea pre\u0219edintei CA, Liliana Vit\u0326u, despre care aceasta a anun\u021bat \u00een \u0219edin\u021ba precedent\u0103 a autorit\u0103\u021bii, din 17 martie. Tot atunci, vicepre\u0219edinta CA, Aneta<\/p>\n<div class=\"read-more\"><a href=\"https:\/\/old.mediacritica.md\/ro\/reflectarea-subiectelor-despre-refugiati-la-mai-multe-posturi-tv-monitorizata-de-ca-nicio-televiziune-nu-a-fost-sanctionata\/\" title=\"Mai mult\">Mai mult<\/a><\/div>\n","protected":false},"author":12,"featured_media":17727,"comment_status":"open","ping_status":"open","sticky":false,"template":"","format":"standard","meta":[],"categories":[3],"tags":[],"yoast_head":"<!-- This site is optimized with the Yoast SEO plugin v14.9 - https:\/\/yoast.com\/wordpress\/plugins\/seo\/ -->\n<meta name=\"robots\" content=\"index, follow, max-snippet:-1, max-image-preview:large, max-video-preview:-1\" \/>\n<link rel=\"canonical\" href=\"https:\/\/old.mediacritica.md\/reflectarea-subiectelor-despre-refugiati-la-mai-multe-posturi-tv-monitorizata-de-ca-nicio-televiziune-nu-a-fost-sanctionata\/\" \/>\n<meta property=\"og:locale\" content=\"ro_RO\" \/>\n<meta property=\"og:type\" content=\"article\" \/>\n<meta property=\"og:title\" content=\"Reflectarea subiectelor despre refugia\u021bi la mai multe posturi TV, monitorizat\u0103 de CA. Nicio televiziune nu a fost sanc\u021bionat\u0103 - Mediacritica\" \/>\n<meta property=\"og:description\" content=\"Consiliul Audiovizualului (CA) a examinat miercuri, 30 martie, rezultatele monitoriz\u0103rii\u00a0 principalelor buletine de s\u0326tiri difuzate de mai multe posturi TV, i\u0302n contextul reflecta\u0306rii subiectului refugiat\u0326ilor din Ucraina. Monitorizarea a fost realizat\u0103 la autosesizarea pre\u0219edintei CA, Liliana Vit\u0326u, despre care aceasta a anun\u021bat \u00een \u0219edin\u021ba precedent\u0103 a autorit\u0103\u021bii, din 17 martie. Tot atunci, vicepre\u0219edinta CA, AnetaMai mult\" \/>\n<meta property=\"og:url\" content=\"https:\/\/old.mediacritica.md\/reflectarea-subiectelor-despre-refugiati-la-mai-multe-posturi-tv-monitorizata-de-ca-nicio-televiziune-nu-a-fost-sanctionata\/\" \/>\n<meta property=\"og:site_name\" content=\"Mediacritica\" \/>\n<meta property=\"article:published_time\" content=\"2022-03-30T13:56:16+00:00\" \/>\n<meta property=\"article:modified_time\" content=\"2022-04-08T13:57:16+00:00\" \/>\n<meta property=\"og:image\" content=\"https:\/\/old.mediacritica.md\/wp-content\/uploads\/refugiati2.png\" \/>\n\t<meta property=\"og:image:width\" content=\"769\" \/>\n\t<meta property=\"og:image:height\" content=\"429\" \/>\n<meta name=\"twitter:card\" content=\"summary\" \/>\n<script type=\"application\/ld+json\" class=\"yoast-schema-graph\">{\"@context\":\"https:\/\/schema.org\",\"@graph\":[{\"@type\":\"WebSite\",\"@id\":\"https:\/\/old.mediacritica.md\/ro\/#website\",\"url\":\"https:\/\/old.mediacritica.md\/ro\/\",\"name\":\"Mediacritica\",\"description\":\"\",\"potentialAction\":[{\"@type\":\"SearchAction\",\"target\":\"https:\/\/old.mediacritica.md\/ro\/?s={search_term_string}\",\"query-input\":\"required name=search_term_string\"}],\"inLanguage\":\"ro-RO\"},{\"@type\":\"ImageObject\",\"@id\":\"https:\/\/old.mediacritica.md\/reflectarea-subiectelor-despre-refugiati-la-mai-multe-posturi-tv-monitorizata-de-ca-nicio-televiziune-nu-a-fost-sanctionata\/#primaryimage\",\"inLanguage\":\"ro-RO\",\"url\":\"https:\/\/old.mediacritica.md\/wp-content\/uploads\/refugiati2.png\",\"width\":769,\"height\":429,\"caption\":\"Sursa foto: captur\\u0103 video\/ Primul \\u00een Moldova\"},{\"@type\":\"WebPage\",\"@id\":\"https:\/\/old.mediacritica.md\/reflectarea-subiectelor-despre-refugiati-la-mai-multe-posturi-tv-monitorizata-de-ca-nicio-televiziune-nu-a-fost-sanctionata\/#webpage\",\"url\":\"https:\/\/old.mediacritica.md\/reflectarea-subiectelor-despre-refugiati-la-mai-multe-posturi-tv-monitorizata-de-ca-nicio-televiziune-nu-a-fost-sanctionata\/\",\"name\":\"Reflectarea subiectelor despre refugia\\u021bi la mai multe posturi TV, monitorizat\\u0103 de CA. Nicio televiziune nu a fost sanc\\u021bionat\\u0103 - Mediacritica\",\"isPartOf\":{\"@id\":\"https:\/\/old.mediacritica.md\/ro\/#website\"},\"primaryImageOfPage\":{\"@id\":\"https:\/\/old.mediacritica.md\/reflectarea-subiectelor-despre-refugiati-la-mai-multe-posturi-tv-monitorizata-de-ca-nicio-televiziune-nu-a-fost-sanctionata\/#primaryimage\"},\"datePublished\":\"2022-03-30T13:56:16+00:00\",\"dateModified\":\"2022-04-08T13:57:16+00:00\",\"author\":{\"@id\":\"https:\/\/old.mediacritica.md\/ro\/#\/schema\/person\/5f529aac85f1c3194d097baf57fadd0c\"},\"inLanguage\":\"ro-RO\",\"potentialAction\":[{\"@type\":\"ReadAction\",\"target\":[\"https:\/\/old.mediacritica.md\/reflectarea-subiectelor-despre-refugiati-la-mai-multe-posturi-tv-monitorizata-de-ca-nicio-televiziune-nu-a-fost-sanctionata\/\"]}]},{\"@type\":\"Person\",\"@id\":\"https:\/\/old.mediacritica.md\/ro\/#\/schema\/person\/5f529aac85f1c3194d097baf57fadd0c\",\"name\":\"Gancev Vasile\"}]}<\/script>\n<!-- \/ Yoast SEO plugin. -->","_links":{"self":[{"href":"https:\/\/old.mediacritica.md\/ro\/wp-json\/wp\/v2\/posts\/17724"}],"collection":[{"href":"https:\/\/old.mediacritica.md\/ro\/wp-json\/wp\/v2\/posts"}],"about":[{"href":"https:\/\/old.mediacritica.md\/ro\/wp-json\/wp\/v2\/types\/post"}],"author":[{"embeddable":true,"href":"https:\/\/old.mediacritica.md\/ro\/wp-json\/wp\/v2\/users\/12"}],"replies":[{"embeddable":true,"href":"https:\/\/old.mediacritica.md\/ro\/wp-json\/wp\/v2\/comments?post=17724"}],"version-history":[{"count":2,"href":"https:\/\/old.mediacritica.md\/ro\/wp-json\/wp\/v2\/posts\/17724\/revisions"}],"predecessor-version":[{"id":17810,"href":"https:\/\/old.mediacritica.md\/ro\/wp-json\/wp\/v2\/posts\/17724\/revisions\/17810"}],"wp:featuredmedia":[{"embeddable":true,"href":"https:\/\/old.mediacritica.md\/ro\/wp-json\/wp\/v2\/media\/17727"}],"wp:attachment":[{"href":"https:\/\/old.mediacritica.md\/ro\/wp-json\/wp\/v2\/media?parent=17724"}],"wp:term":[{"taxonomy":"category","embeddable":true,"href":"https:\/\/old.mediacritica.md\/ro\/wp-json\/wp\/v2\/categories?post=17724"},{"taxonomy":"post_tag","embeddable":true,"href":"https:\/\/old.mediacritica.md\/ro\/wp-json\/wp\/v2\/tags?post=17724"}],"curies":[{"name":"wp","href":"https:\/\/api.w.org\/{rel}","templated":true}]}}