{"id":17479,"date":"2022-03-09T10:03:51","date_gmt":"2022-03-09T10:03:51","guid":{"rendered":"http:\/\/mediacritica.md\/?p=17479"},"modified":"2022-03-21T11:00:17","modified_gmt":"2022-03-21T11:00:17","slug":"o-noua-runda-de-monitorizari-pe-media-radar-estimeaza-gradul-de-credibilitate-a-opt-institutii-media","status":"publish","type":"post","link":"https:\/\/old.mediacritica.md\/ro\/o-noua-runda-de-monitorizari-pe-media-radar-estimeaza-gradul-de-credibilitate-a-opt-institutii-media\/","title":{"rendered":"Media Radar: CJI anun\u021b\u0103 gradul de credibilitate a \u00eenc\u0103 opt institu\u021bii media"},"content":{"rendered":"<p><\/p>\n<p class=\"p1\" style=\"text-align: justify;\"><span class=\"s1\"><strong>Centrul pentru Jurnalism Independent (CJI) a stabilit gradul de credibilitate a \u00eenc\u0103 opt portaluri:<\/strong><a href=\"https:\/\/radar.mediacritica.md\/ro\/search\/?q=Protv\"><span class=\"s2\"><strong>Protv.md<\/strong><\/span><\/a><strong>,<\/strong><a href=\"https:\/\/radar.mediacritica.md\/ro\/media-agency\/a-tv.md\/\"><span class=\"s2\"><strong>A-tv.md<\/strong><\/span><\/a><strong>,\u00a0<\/strong><a href=\"https:\/\/radar.mediacritica.md\/ro\/media-agency\/jurnal.md\/\"><span class=\"s2\"><strong>Jurnal.md<\/strong><\/span><\/a><strong>,\u00a0<\/strong><a href=\"https:\/\/radar.mediacritica.md\/ro\/media-agency\/realitatea.md\/\"><span class=\"s2\"><strong>Realitatea.md<\/strong><\/span><\/a><strong>,\u00a0<\/strong><a href=\"https:\/\/radar.mediacritica.md\/ro\/media-agency\/komsomolskaya-pravda-v-moldove\/\"><span class=\"s2\"><strong>Kp.md<\/strong><\/span><\/a><strong>,\u00a0<\/strong><a href=\"https:\/\/radar.mediacritica.md\/ro\/media-agency\/publika.md\/\"><span class=\"s2\"><strong>Publika.md<\/strong><\/span><\/a><strong>,\u00a0<\/strong><a href=\"https:\/\/radar.mediacritica.md\/ro\/media-agency\/expresul\/\"><span class=\"s2\"><strong>Expresul.md<\/strong><\/span><\/a><strong>\u00a0\u0219i\u00a0<\/strong><a href=\"https:\/\/radar.mediacritica.md\/ro\/media-agency\/replica.md\/\"><span class=\"s2\"><strong>Replicamedia.md<\/strong><\/span><\/a><strong>. Rezultatele pot fi analizate pe platforma Media Radar. <\/strong><\/span><\/p>\n<p class=\"p3\" style=\"text-align: justify;\"><span class=\"s1\">Pe 2 \u0219i 4 martie, CJI a anun\u021bat rezultatele pentru primele\u00a0<a href=\"https:\/\/old.mediacritica.md\/ro\/cji-a-evaluat-credibilitatea-a-22-de-portaluri-pe-platforma-media-radar\/\"><span class=\"s3\">22 de portaluri media<\/span><\/a>, iar pe 7 martie \u2013 pentru alte 11 site-uri. <\/span><span class=\"s1\">Con\u021binutul celor 41 de portaluri a fost analizat \u00een perioada 22 \u2013 25 februarie 2022, aceasta fiind prima rund\u0103 de monitorizare de la \u00eenceputul anului. <\/span><\/p>\n<p style=\"text-align: justify;\">Credibilitatea institu\u021biei media este estimat\u0103 \u00een conformitate cu punctajul acumulat pentru mai mul\u021bi indicatori, cum ar fi calitatea materialelor jurnalistice, prezen\u021ba datelor de contact \u0219i a politicii editoriale, stabilite de <a href=\"https:\/\/radar.mediacritica.md\/ro\/metodologia\/\">metodologia de monitorizare<\/a>. \u00cen func\u021bie de punctajul ob\u021binut, fiec\u0103rui site i-au fost atribuite verdicte despre gradul de credibilitate.<\/p>\n<p style=\"text-align: justify;\">Prin intermediul <a href=\"https:\/\/radar.mediacritica.md\/ro\">platformei Media Radar<\/a>, CJI \u0219i-a propus s\u0103 ajute consumatorii de media s\u0103 navigheze mai u\u0219or prin informa\u021bia oferit\u0103 zilnic de numeroasele resurse media online.<\/p>\n<p style=\"text-align: justify;\"><em>Monitorizarea a avut loc \u00een cadrul proiectului \u201ePresa \u00een sprijinul democra\u021biei, incluziunii \u0219i responsabilit\u0103\u021bii \u00een Moldova\u201d (MEDIA-M), implementat de Internews \u00een Moldova cu suportul USAID \u0219i UK.<\/em><\/p>\n<p><\/p>","protected":false},"excerpt":{"rendered":"<p>Centrul pentru Jurnalism Independent (CJI) a stabilit gradul de credibilitate a \u00eenc\u0103 opt portaluri:Protv.md,A-tv.md,\u00a0Jurnal.md,\u00a0Realitatea.md,\u00a0Kp.md,\u00a0Publika.md,\u00a0Expresul.md\u00a0\u0219i\u00a0Replicamedia.md. Rezultatele pot fi analizate pe platforma Media Radar. Pe 2 \u0219i 4 martie, CJI a anun\u021bat rezultatele pentru primele\u00a022 de portaluri media, iar pe 7 martie \u2013 pentru alte 11 site-uri. Con\u021binutul celor 41 de portaluri a fost analizat \u00een perioada<\/p>\n<div class=\"read-more\"><a href=\"https:\/\/old.mediacritica.md\/ro\/o-noua-runda-de-monitorizari-pe-media-radar-estimeaza-gradul-de-credibilitate-a-opt-institutii-media\/\" title=\"Mai mult\">Mai mult<\/a><\/div>\n","protected":false},"author":12,"featured_media":17443,"comment_status":"open","ping_status":"open","sticky":false,"template":"","format":"standard","meta":[],"categories":[3],"tags":[],"yoast_head":"<!-- This site is optimized with the Yoast SEO plugin v14.9 - https:\/\/yoast.com\/wordpress\/plugins\/seo\/ -->\n<meta name=\"robots\" content=\"index, follow, max-snippet:-1, max-image-preview:large, max-video-preview:-1\" \/>\n<link rel=\"canonical\" href=\"https:\/\/old.mediacritica.md\/o-noua-runda-de-monitorizari-pe-media-radar-estimeaza-gradul-de-credibilitate-a-opt-institutii-media\/\" \/>\n<meta property=\"og:locale\" content=\"ro_RO\" \/>\n<meta property=\"og:type\" content=\"article\" \/>\n<meta property=\"og:title\" content=\"Media Radar: CJI anun\u021b\u0103 gradul de credibilitate a \u00eenc\u0103 opt institu\u021bii media - Mediacritica\" \/>\n<meta property=\"og:description\" content=\"Centrul pentru Jurnalism Independent (CJI) a stabilit gradul de credibilitate a \u00eenc\u0103 opt portaluri:Protv.md,A-tv.md,\u00a0Jurnal.md,\u00a0Realitatea.md,\u00a0Kp.md,\u00a0Publika.md,\u00a0Expresul.md\u00a0\u0219i\u00a0Replicamedia.md. Rezultatele pot fi analizate pe platforma Media Radar. Pe 2 \u0219i 4 martie, CJI a anun\u021bat rezultatele pentru primele\u00a022 de portaluri media, iar pe 7 martie \u2013 pentru alte 11 site-uri. Con\u021binutul celor 41 de portaluri a fost analizat \u00een perioadaMai mult\" \/>\n<meta property=\"og:url\" content=\"https:\/\/old.mediacritica.md\/o-noua-runda-de-monitorizari-pe-media-radar-estimeaza-gradul-de-credibilitate-a-opt-institutii-media\/\" \/>\n<meta property=\"og:site_name\" content=\"Mediacritica\" \/>\n<meta property=\"article:published_time\" content=\"2022-03-09T10:03:51+00:00\" \/>\n<meta property=\"article:modified_time\" content=\"2022-03-21T11:00:17+00:00\" \/>\n<meta property=\"og:image\" content=\"https:\/\/old.mediacritica.md\/wp-content\/uploads\/Logo_MediaRadar-2.jpg\" \/>\n\t<meta property=\"og:image:width\" content=\"554\" \/>\n\t<meta property=\"og:image:height\" content=\"217\" \/>\n<meta name=\"twitter:card\" content=\"summary\" \/>\n<script type=\"application\/ld+json\" class=\"yoast-schema-graph\">{\"@context\":\"https:\/\/schema.org\",\"@graph\":[{\"@type\":\"WebSite\",\"@id\":\"https:\/\/old.mediacritica.md\/ro\/#website\",\"url\":\"https:\/\/old.mediacritica.md\/ro\/\",\"name\":\"Mediacritica\",\"description\":\"\",\"potentialAction\":[{\"@type\":\"SearchAction\",\"target\":\"https:\/\/old.mediacritica.md\/ro\/?s={search_term_string}\",\"query-input\":\"required name=search_term_string\"}],\"inLanguage\":\"ro-RO\"},{\"@type\":\"ImageObject\",\"@id\":\"https:\/\/old.mediacritica.md\/o-noua-runda-de-monitorizari-pe-media-radar-estimeaza-gradul-de-credibilitate-a-opt-institutii-media\/#primaryimage\",\"inLanguage\":\"ro-RO\",\"url\":\"https:\/\/old.mediacritica.md\/wp-content\/uploads\/Logo_MediaRadar-2.jpg\",\"width\":554,\"height\":217},{\"@type\":\"WebPage\",\"@id\":\"https:\/\/old.mediacritica.md\/o-noua-runda-de-monitorizari-pe-media-radar-estimeaza-gradul-de-credibilitate-a-opt-institutii-media\/#webpage\",\"url\":\"https:\/\/old.mediacritica.md\/o-noua-runda-de-monitorizari-pe-media-radar-estimeaza-gradul-de-credibilitate-a-opt-institutii-media\/\",\"name\":\"Media Radar: CJI anun\\u021b\\u0103 gradul de credibilitate a \\u00eenc\\u0103 opt institu\\u021bii media - Mediacritica\",\"isPartOf\":{\"@id\":\"https:\/\/old.mediacritica.md\/ro\/#website\"},\"primaryImageOfPage\":{\"@id\":\"https:\/\/old.mediacritica.md\/o-noua-runda-de-monitorizari-pe-media-radar-estimeaza-gradul-de-credibilitate-a-opt-institutii-media\/#primaryimage\"},\"datePublished\":\"2022-03-09T10:03:51+00:00\",\"dateModified\":\"2022-03-21T11:00:17+00:00\",\"author\":{\"@id\":\"https:\/\/old.mediacritica.md\/ro\/#\/schema\/person\/5f529aac85f1c3194d097baf57fadd0c\"},\"inLanguage\":\"ro-RO\",\"potentialAction\":[{\"@type\":\"ReadAction\",\"target\":[\"https:\/\/old.mediacritica.md\/o-noua-runda-de-monitorizari-pe-media-radar-estimeaza-gradul-de-credibilitate-a-opt-institutii-media\/\"]}]},{\"@type\":\"Person\",\"@id\":\"https:\/\/old.mediacritica.md\/ro\/#\/schema\/person\/5f529aac85f1c3194d097baf57fadd0c\",\"name\":\"Gancev Vasile\"}]}<\/script>\n<!-- \/ Yoast SEO plugin. -->","_links":{"self":[{"href":"https:\/\/old.mediacritica.md\/ro\/wp-json\/wp\/v2\/posts\/17479"}],"collection":[{"href":"https:\/\/old.mediacritica.md\/ro\/wp-json\/wp\/v2\/posts"}],"about":[{"href":"https:\/\/old.mediacritica.md\/ro\/wp-json\/wp\/v2\/types\/post"}],"author":[{"embeddable":true,"href":"https:\/\/old.mediacritica.md\/ro\/wp-json\/wp\/v2\/users\/12"}],"replies":[{"embeddable":true,"href":"https:\/\/old.mediacritica.md\/ro\/wp-json\/wp\/v2\/comments?post=17479"}],"version-history":[{"count":8,"href":"https:\/\/old.mediacritica.md\/ro\/wp-json\/wp\/v2\/posts\/17479\/revisions"}],"predecessor-version":[{"id":17623,"href":"https:\/\/old.mediacritica.md\/ro\/wp-json\/wp\/v2\/posts\/17479\/revisions\/17623"}],"wp:featuredmedia":[{"embeddable":true,"href":"https:\/\/old.mediacritica.md\/ro\/wp-json\/wp\/v2\/media\/17443"}],"wp:attachment":[{"href":"https:\/\/old.mediacritica.md\/ro\/wp-json\/wp\/v2\/media?parent=17479"}],"wp:term":[{"taxonomy":"category","embeddable":true,"href":"https:\/\/old.mediacritica.md\/ro\/wp-json\/wp\/v2\/categories?post=17479"},{"taxonomy":"post_tag","embeddable":true,"href":"https:\/\/old.mediacritica.md\/ro\/wp-json\/wp\/v2\/tags?post=17479"}],"curies":[{"name":"wp","href":"https:\/\/api.w.org\/{rel}","templated":true}]}}